{"id":61623,"date":"2026-08-31T08:34:26","date_gmt":"2026-08-31T06:34:26","guid":{"rendered":"https:\/\/czk-cakovec.hr\/hr\/?p=61623"},"modified":"2026-08-31T08:46:10","modified_gmt":"2026-08-31T06:46:10","slug":"eto-etno-etno-festival","status":"publish","type":"post","link":"https:\/\/czk-cakovec.hr\/hr\/eto-etno-etno-festival\/","title":{"rendered":"ETO, ETNO! | ETNO FESTIVAL"},"content":{"rendered":"\n<p class=\"wp-block-paragraph\"> <strong><em>ETO, ETNO!<\/em><\/strong><\/p>\n\n\n\n<p class=\"wp-block-paragraph\"><strong>etno festival<\/strong><\/p>\n\n\n\n<p class=\"wp-block-paragraph\">23. \u2013 24. rujna 2026.<\/p>\n\n\n\n<p class=\"wp-block-paragraph\">uz Me\u0111unarodni dan kulturne ba\u0161tine<\/p>\n\n\n\n<p class=\"wp-block-paragraph\">Ove jeseni otvaramo vrata novom zvuku \u2013 festivalu etno glazbe <em>Eto, etno!<\/em><\/p>\n\n\n\n<p class=\"wp-block-paragraph\">Neke stvari zaslu\u017euju da ih \u010dujemo, ne samo da ih pamtimo. Ba\u0161tina nije ne\u0161to \u0161to stoji zaklju\u010dano u vitrini \u2013 ona di\u0161e, pjeva, mijenja se s nama, a mi smo je odlu\u010dili pustiti da progovori kroz glazbu.<\/p>\n\n\n\n<p class=\"wp-block-paragraph\">Festival smo povezali s 23. rujna, Me\u0111unarodnim danom kulturne ba\u0161tine, koji se ove godine poklapa i s Danima europske ba\u0161tine. U dvije ve\u010deri, srijedu, 23. i \u010detvrtak, 24. rujna \u2013 posvetit \u0107emo se onome \u0161to nas \u010dini onime \u0161to jesmo: izvornim zvukovima koji su pre\u017eivjeli generacije, i suvremenim glazbenicima koji im daju novi dah.<\/p>\n\n\n\n<p class=\"wp-block-paragraph\"><em>Eto, etno!<\/em> nije samo naziv \u2013 to je poziv, poziv da se vratimo korijenima, ali u\u0161iju otvorenih za sve \u0161to dolazi poslije njih.<\/p>\n\n\n\n<figure class=\"wp-block-image size-large\"><img fetchpriority=\"high\" decoding=\"async\" width=\"724\" height=\"1024\" src=\"https:\/\/czk-cakovec.hr\/hr\/wp-content\/uploads\/2026\/08\/MINI-ETNO-FESTIVAL-PLAKATI-5-724x1024.png\" alt=\"\" class=\"wp-image-61625\" srcset=\"https:\/\/czk-cakovec.hr\/hr\/wp-content\/uploads\/2026\/08\/MINI-ETNO-FESTIVAL-PLAKATI-5-724x1024.png 724w, https:\/\/czk-cakovec.hr\/hr\/wp-content\/uploads\/2026\/08\/MINI-ETNO-FESTIVAL-PLAKATI-5-212x300.png 212w, https:\/\/czk-cakovec.hr\/hr\/wp-content\/uploads\/2026\/08\/MINI-ETNO-FESTIVAL-PLAKATI-5-768x1086.png 768w, https:\/\/czk-cakovec.hr\/hr\/wp-content\/uploads\/2026\/08\/MINI-ETNO-FESTIVAL-PLAKATI-5-1086x1536.png 1086w, https:\/\/czk-cakovec.hr\/hr\/wp-content\/uploads\/2026\/08\/MINI-ETNO-FESTIVAL-PLAKATI-5-370x523.png 370w, https:\/\/czk-cakovec.hr\/hr\/wp-content\/uploads\/2026\/08\/MINI-ETNO-FESTIVAL-PLAKATI-5-1448x2048.png 1448w, https:\/\/czk-cakovec.hr\/hr\/wp-content\/uploads\/2026\/08\/MINI-ETNO-FESTIVAL-PLAKATI-5-409x579.png 409w, https:\/\/czk-cakovec.hr\/hr\/wp-content\/uploads\/2026\/08\/MINI-ETNO-FESTIVAL-PLAKATI-5-840x1188.png 840w, https:\/\/czk-cakovec.hr\/hr\/wp-content\/uploads\/2026\/08\/MINI-ETNO-FESTIVAL-PLAKATI-5.png 1587w\" sizes=\"(max-width: 724px) 100vw, 724px\" \/><\/figure>\n","protected":false},"excerpt":{"rendered":"<p>ETO, ETNO! etno festival 23. \u2013 24. rujna 2026. uz Me\u0111unarodni dan kulturne ba\u0161tine Ove jeseni otvaramo vrata novom zvuku \u2013 festivalu etno glazbe Eto, etno! Neke stvari zaslu\u017euju da&hellip;<\/p>\n","protected":false},"author":1,"featured_media":61628,"comment_status":"closed","ping_status":"open","sticky":false,"template":"","format":"standard","meta":{"footnotes":""},"categories":[212],"tags":[],"class_list":["post-61623","post","type-post","status-publish","format-standard","has-post-thumbnail","hentry","category-novosti"],"_links":{"self":[{"href":"https:\/\/czk-cakovec.hr\/hr\/wp-json\/wp\/v2\/posts\/61623","targetHints":{"allow":["GET"]}}],"collection":[{"href":"https:\/\/czk-cakovec.hr\/hr\/wp-json\/wp\/v2\/posts"}],"about":[{"href":"https:\/\/czk-cakovec.hr\/hr\/wp-json\/wp\/v2\/types\/post"}],"author":[{"embeddable":true,"href":"https:\/\/czk-cakovec.hr\/hr\/wp-json\/wp\/v2\/users\/1"}],"replies":[{"embeddable":true,"href":"https:\/\/czk-cakovec.hr\/hr\/wp-json\/wp\/v2\/comments?post=61623"}],"version-history":[{"count":1,"href":"https:\/\/czk-cakovec.hr\/hr\/wp-json\/wp\/v2\/posts\/61623\/revisions"}],"predecessor-version":[{"id":61626,"href":"https:\/\/czk-cakovec.hr\/hr\/wp-json\/wp\/v2\/posts\/61623\/revisions\/61626"}],"wp:featuredmedia":[{"embeddable":true,"href":"https:\/\/czk-cakovec.hr\/hr\/wp-json\/wp\/v2\/media\/61628"}],"wp:attachment":[{"href":"https:\/\/czk-cakovec.hr\/hr\/wp-json\/wp\/v2\/media?parent=61623"}],"wp:term":[{"taxonomy":"category","embeddable":true,"href":"https:\/\/czk-cakovec.hr\/hr\/wp-json\/wp\/v2\/categories?post=61623"},{"taxonomy":"post_tag","embeddable":true,"href":"https:\/\/czk-cakovec.hr\/hr\/wp-json\/wp\/v2\/tags?post=61623"}],"curies":[{"name":"wp","href":"https:\/\/api.w.org\/{rel}","templated":true}]}}