{"id":61650,"date":"2026-09-01T13:34:45","date_gmt":"2026-09-01T11:34:45","guid":{"rendered":"https:\/\/czk-cakovec.hr\/hr\/?p=61650"},"modified":"2026-09-01T13:34:47","modified_gmt":"2026-09-01T11:34:47","slug":"moje-malo-kino-vol-5","status":"publish","type":"post","link":"https:\/\/czk-cakovec.hr\/hr\/moje-malo-kino-vol-5\/","title":{"rendered":"MOJE MALO KINO VOL. 5"},"content":{"rendered":"\n<p class=\"wp-block-paragraph\">Projekt Moje malo kino (engl. Back to the Local Cinema) ve\u0107 nekoliko godina provode Centar za kulturu \u010cakovec, Pu\u010dko otvoreno u\u010dili\u0161te Novska i Pu\u010dko otvoreno u\u010dili\u0161te Samobor, uz potporu Creative Europe MEDIA. Projekt je usmjeren na razvoj filmske pismenosti osnovno\u0161kolaca od 1. do 8. razreda. Pritom je posebna snaga ovoga projekta \u0161to su u njega uklju\u010deni i odgajatelji, u\u010ditelji i nastavnici koje se nastoji osna\u017eiti za samostalno uvo\u0111enje filma u nastavni proces. To se posti\u017ee ovakvim priru\u010dnikom u kojem se nalaze metodi\u010dke obrade izabranih filmskih naslova, \u0161to je nastavnicima va\u017ean alat u pripremi nastavnih jedinica.<\/p>\n\n\n\n<p class=\"wp-block-paragraph\"><\/p>\n\n\n\n<p class=\"wp-block-paragraph\">Projekt nije samo lokalna inicijativa, ve\u0107 je dobio najvi\u0161e nacionalno stru\u010dno priznanje. Hrvatski audiovizualni centar (HAVC) dodijelio mu je 2026. godine Nagradu za najbolji metodi\u010dki materijal u nastavi. To jam\u010di da su edukativni materijali u priru\u010dniku metodi\u010dki besprijekorni, stru\u010dno recenzirani i izravno primjenjivi u sklopu \u0161kolskog kurikuluma.<\/p>\n\n\n\n<p class=\"wp-block-paragraph\">Ove sezone program izravno odgovara na goru\u0107e dru\u0161tvene potrebe. Pedago\u0161ki priru\u010dnik usmjeren je na mentalno zdravlje djece i mladih. Filmovi se koriste kao medij kroz koji u\u010denici, na njima bliskim primjerima, u\u010de prepoznati i artikulirati emocije, nositi se sa stresom, vr\u0161nja\u010dkim pritiskom i razvijati empatiju. To u\u010diteljima daje gotove alate za sate razrednika i obradu osjetljivih tema.<\/p>\n\n\n\n<p class=\"wp-block-paragraph\">Projekt pod izvornim nazivom \u201eBack to the local cinema\u201c u prvoj godini financiran je od strane Kreativne Europe (MEDIA). Prilikom pokretanja, izabran je me\u0111u svega 13 najboljih inovativnih projekata iz cijele Europe u sklopu poziva mre\u017ee Europa Cinemas.<\/p>\n\n\n\n<p class=\"wp-block-paragraph\">U\u010denici u sklopu programa ne gledaju komercijalni, visokobud\u017eetni sadr\u017eaj koji ionako sami konzumiraju kod ku\u0107e. Selektorica bira nagra\u0111ivana europska kinematografska ostvarenja prilago\u0111ena to\u010dnim spoznajno-razvojnim mogu\u0107nostima pojedine dobi.<\/p>\n\n\n\n<p class=\"wp-block-paragraph\">Cjelovito iskustvo (Nije &#8220;samo gledanje&#8221;)<\/p>\n\n\n\n<p class=\"wp-block-paragraph\">Program osigurava da odlazak u kino postane pravo obrazovno iskustvo:<\/p>\n\n\n\n<p class=\"wp-block-paragraph\">Priprema: U\u010ditelji dobivaju vrhunske digitalne priru\u010dnike.<\/p>\n\n\n\n<p class=\"wp-block-paragraph\">Imersija: Gledanje filmova odvija se na velikom platnu, u mraku dvorane, \u010dime se razvija kultura posje\u0107ivanja kina.<\/p>\n\n\n\n<p class=\"wp-block-paragraph\">Edukacija na licu mjesta: Filmski edukatori vode vo\u0111eni razgovor i interaktivnu analizu s u\u010denicima.Uklju\u010divanjem \u0161kole u ovaj program ispunjavate ciljeve medijske kulture iz nastave Hrvatskog jezika, ali i me\u0111upredmetnih tema (Osobni i socijalni razvoj, Gra\u0111anski odgoj, Zdravlje).<\/p>\n\n\n\n<p class=\"wp-block-paragraph\"><\/p>\n\n\n\n<p class=\"wp-block-paragraph\"><em>Raspored :<\/em><\/p>\n\n\n\n<p class=\"wp-block-paragraph\">1.i 2. razredi osnovnih \u0161kola<\/p>\n\n\n\n<p class=\"wp-block-paragraph\"><strong>11. \/ 12. \/ 13. 11. 2026. u 10.00 sati<\/strong><\/p>\n\n\n\n<p class=\"wp-block-paragraph\"><strong>PJESMA GRBAVOG KITA<\/strong><\/p>\n\n\n\n<p class=\"wp-block-paragraph\">Izvorni naslov: The Last Whale Singer<\/p>\n\n\n\n<p class=\"wp-block-paragraph\">Edukatorica: \u017deljka Pavlic<\/p>\n\n\n\n<p class=\"wp-block-paragraph\">3. i 4. razredi osnovnih \u0161kola<\/p>\n\n\n\n<p class=\"wp-block-paragraph\"><strong>2. \/ 3. \/ 4. 12. 2026. u 10.00 sati<\/strong><\/p>\n\n\n\n<p class=\"wp-block-paragraph\"><strong>PIXIE<\/strong><\/p>\n\n\n\n<p class=\"wp-block-paragraph\">Izvorni naslov: Skrzat. Nowy poczatek<\/p>\n\n\n\n<p class=\"wp-block-paragraph\">Edukatorica: Nata\u0161a Kralj<\/p>\n\n\n\n<p class=\"wp-block-paragraph\">5. i 6. razredi osnovnih \u0161kola<\/p>\n\n\n\n<p class=\"wp-block-paragraph\"><strong>20. \/ 21. \/ 22. 1. 2027. u 10.00 sati<\/strong><\/p>\n\n\n\n<p class=\"wp-block-paragraph\"><strong>BUM!&nbsp; &nbsp;&nbsp;&nbsp;&nbsp;<\/strong><\/p>\n\n\n\n<p class=\"wp-block-paragraph\">Izvorni naslov: Boom!<\/p>\n\n\n\n<p class=\"wp-block-paragraph\">Edukatorica: Martina Horvat Kolar<\/p>\n\n\n\n<p class=\"wp-block-paragraph\">7. i 8. razredi osnovnih \u0161kola<\/p>\n\n\n\n<p class=\"wp-block-paragraph\"><strong>14. \/ 15. \/ 16. 4. 2027. u 10.00 sati<\/strong><\/p>\n\n\n\n<p class=\"wp-block-paragraph\"><strong>HONEY<\/strong><\/p>\n\n\n\n<p class=\"wp-block-paragraph\">Izvorni naslov: Honey<\/p>\n\n\n\n<p class=\"wp-block-paragraph\">Edukatorica: Dijana Pasari\u0107<\/p>\n\n\n\n<p class=\"wp-block-paragraph\"><\/p>\n\n\n\n<p class=\"wp-block-paragraph\">Slu\u017ebeno priznanje struke (HAVC nagrada)<\/p>\n\n\n\n<p class=\"wp-block-paragraph\"><\/p>\n\n\n\n<div data-wp-interactive=\"core\/file\" class=\"wp-block-file\"><object data-wp-bind--hidden=\"!state.hasPdfPreview\" hidden class=\"wp-block-file__embed\" data=\"https:\/\/czk-cakovec.hr\/hr\/wp-content\/uploads\/2026\/09\/Moje-malo-kino-Vol.-5-2026.pdf\" type=\"application\/pdf\" style=\"width:100%;height:600px\" aria-label=\"Ugra\u0111eno Moje malo kino Vol. 5 2026.\"><\/object><a id=\"wp-block-file--media-d1caee3d-63d6-4293-ac0b-ba0c037b3b51\" href=\"https:\/\/czk-cakovec.hr\/hr\/wp-content\/uploads\/2026\/09\/Moje-malo-kino-Vol.-5-2026.pdf\">Moje malo kino Vol. 5 2026<\/a><a href=\"https:\/\/czk-cakovec.hr\/hr\/wp-content\/uploads\/2026\/09\/Moje-malo-kino-Vol.-5-2026.pdf\" class=\"wp-block-file__button wp-element-button\" download aria-describedby=\"wp-block-file--media-d1caee3d-63d6-4293-ac0b-ba0c037b3b51\">Preuzmi<\/a><\/div>\n","protected":false},"excerpt":{"rendered":"<p>Projekt Moje malo kino (engl. Back to the Local Cinema) ve\u0107 nekoliko godina provode Centar za kulturu \u010cakovec, Pu\u010dko otvoreno u\u010dili\u0161te Novska i Pu\u010dko otvoreno u\u010dili\u0161te Samobor, uz potporu Creative&hellip;<\/p>\n","protected":false},"author":1,"featured_media":61651,"comment_status":"closed","ping_status":"open","sticky":false,"template":"","format":"standard","meta":{"footnotes":""},"categories":[348,263,350,212],"tags":[],"class_list":["post-61650","post","type-post","status-publish","format-standard","has-post-thumbnail","hentry","category-film","category-film-za-vrtice","category-moje-malo-kino","category-novosti"],"_links":{"self":[{"href":"https:\/\/czk-cakovec.hr\/hr\/wp-json\/wp\/v2\/posts\/61650","targetHints":{"allow":["GET"]}}],"collection":[{"href":"https:\/\/czk-cakovec.hr\/hr\/wp-json\/wp\/v2\/posts"}],"about":[{"href":"https:\/\/czk-cakovec.hr\/hr\/wp-json\/wp\/v2\/types\/post"}],"author":[{"embeddable":true,"href":"https:\/\/czk-cakovec.hr\/hr\/wp-json\/wp\/v2\/users\/1"}],"replies":[{"embeddable":true,"href":"https:\/\/czk-cakovec.hr\/hr\/wp-json\/wp\/v2\/comments?post=61650"}],"version-history":[{"count":1,"href":"https:\/\/czk-cakovec.hr\/hr\/wp-json\/wp\/v2\/posts\/61650\/revisions"}],"predecessor-version":[{"id":61653,"href":"https:\/\/czk-cakovec.hr\/hr\/wp-json\/wp\/v2\/posts\/61650\/revisions\/61653"}],"wp:featuredmedia":[{"embeddable":true,"href":"https:\/\/czk-cakovec.hr\/hr\/wp-json\/wp\/v2\/media\/61651"}],"wp:attachment":[{"href":"https:\/\/czk-cakovec.hr\/hr\/wp-json\/wp\/v2\/media?parent=61650"}],"wp:term":[{"taxonomy":"category","embeddable":true,"href":"https:\/\/czk-cakovec.hr\/hr\/wp-json\/wp\/v2\/categories?post=61650"},{"taxonomy":"post_tag","embeddable":true,"href":"https:\/\/czk-cakovec.hr\/hr\/wp-json\/wp\/v2\/tags?post=61650"}],"curies":[{"name":"wp","href":"https:\/\/api.w.org\/{rel}","templated":true}]}}