{"id":50382,"date":"2026-04-24T09:04:28","date_gmt":"2026-04-24T07:04:28","guid":{"rendered":"https:\/\/czk-cakovec.hr\/saturn\/?p=50382"},"modified":"2026-04-24T09:06:40","modified_gmt":"2026-04-24T07:06:40","slug":"53-majski-muzicki-memorijal-josip-stolcer-slavenski","status":"publish","type":"post","link":"https:\/\/czk-cakovec.hr\/saturn\/53-majski-muzicki-memorijal-josip-stolcer-slavenski\/","title":{"rendered":"53. Majski muzi\u010dki memorijal &#8220;Josip \u0160tolcer Slavenski&#8221;"},"content":{"rendered":"\n<p>12. \u2013 15. svibnja 2026.<\/p>\n\n\n\n<p><strong>53. MAJSKI MUZI\u010cKI MEMORIJAL &#8220;<em>JOSIP \u0160TOLCER SLAVENSKI<\/em><\/strong>&#8220;<\/p>\n\n\n\n<p>Majski muzi\u010dki memorijal \u201cJosip \u0160tolcer Slavenski\u201d u svom \u0107e se 53. izdanju odr\u017eati od 12. do 15. svibnja u Centru za kulturu \u010cakovec. Jedna od najstarijih i najdugovje\u010dnijih me\u0111imurskih glazbenih manifestacija ove \u0107e godine biti u znaku 130. obljetnice ro\u0111enja Josipa \u0160tolcera Slavenskog, ro\u0111enog 11. svibnja 1896. godine u \u010cakovcu.<\/p>\n\n\n\n<p>Memorijal \u0107e zapo\u010deti okruglim stolom posve\u0107enim \u017eivotu, liku i djelu Josipa \u0160tolcera Slavenskog koji \u0107e se odr\u017eati u utorak, 12. svibnja u 18.00 sati u Galeriji Centra za kulturu \u010cakovec, nakon \u010dega \u0107e \u010dakove\u010dki pijanist David Vukovi\u0107 odr\u017eati ekskluzivan solisti\u010dki recital posve\u0107en klavirskom opusu me\u0111imurskog skladatelja.<\/p>\n\n\n\n<p>U srijedu, 13. svibnja u jutarnjim satima odr\u017eat \u0107e se koncert studenata Muzi\u010dke akademije u Zagrebu na kojem \u0107e nastupiti Marie Lucia Kossjanenko, Tao-Chen Hsiao, Margareta Piti\u0107, Anja Udov\u010di\u0107, Ina Kumer i Dora Kule\u0161 s djelima Josipa \u0160tolcera Slavenskog i Roberta Schumanna pod mentorstvom izv. prof. art. Julije Gubajdullina.<\/p>\n\n\n\n<p>Na Ve\u010deri laureata u \u010detvrtak, 14. svibnja sve\u010dano \u0107e biti dodijeljena Nagrada Grada \u010cakovca \u201cJosip \u0160tolcer Slavenski\u201d za najbolje glazbeno ostvarenje hrvatskog skladatelja u 2025. godini Mireli Ivi\u010devi\u0107. Na Ve\u010deri laureata nastupit \u0107e Cantus ansambl s djelima Mirele Ivi\u010devi\u0107, Zorana Jurani\u0107a, Berislava \u0160ipu\u0161a i Josipa \u0160tolcera Slavenskog. Tako\u0111er \u0107e nastupiti Pjeva\u010dki zbor \u201cJosip \u0160tolcer Slavenski\u201d koji \u0107e u suradnji s mje\u0161ovitim pjeva\u010dkim zborom KUD-a \u201cRudolf Rajter\u201d iz Ivanca izvesti nekoliko slavnih zborskih djela Slavenskog.<\/p>\n\n\n\n<p>Ovogodi\u0161nji Majski muzi\u010dki memorijal zatvorit \u0107emo sve\u010danim koncertom povodom 130. godi\u0161njice ro\u0111enja Josipa \u0160tolcera Slavenskog u petak, 15. svibnja na kojem \u0107e Pjesme moje majke, Prvi guda\u010dki kvartet i druga djela slavnog skladatelja izvoditi Zagreba\u010dki kvartet te solisti Blanka Tkal\u010di\u0107, Martin Krpan i David Vukovi\u0107.<\/p>\n\n\n\n<figure class=\"wp-block-image size-large\"><img loading=\"lazy\" decoding=\"async\" width=\"723\" height=\"1024\" src=\"https:\/\/czk-cakovec.hr\/saturn\/wp-content\/uploads\/2026\/04\/mmm-plakat-2026-OK-1.pdf-723x1024.jpg\" alt=\"\" class=\"wp-image-50387\" srcset=\"https:\/\/czk-cakovec.hr\/saturn\/wp-content\/uploads\/2026\/04\/mmm-plakat-2026-OK-1.pdf-723x1024.jpg 723w, https:\/\/czk-cakovec.hr\/saturn\/wp-content\/uploads\/2026\/04\/mmm-plakat-2026-OK-1.pdf-212x300.jpg 212w, https:\/\/czk-cakovec.hr\/saturn\/wp-content\/uploads\/2026\/04\/mmm-plakat-2026-OK-1.pdf-768x1088.jpg 768w, https:\/\/czk-cakovec.hr\/saturn\/wp-content\/uploads\/2026\/04\/mmm-plakat-2026-OK-1.pdf-1084x1536.jpg 1084w, https:\/\/czk-cakovec.hr\/saturn\/wp-content\/uploads\/2026\/04\/mmm-plakat-2026-OK-1.pdf-1445x2048.jpg 1445w, https:\/\/czk-cakovec.hr\/saturn\/wp-content\/uploads\/2026\/04\/mmm-plakat-2026-OK-1.pdf-scaled.jpg 1807w\" sizes=\"auto, (max-width: 723px) 100vw, 723px\" \/><\/figure>\n","protected":false},"excerpt":{"rendered":"<p>12. \u2013 15. svibnja 2026. 53. MAJSKI MUZI\u010cKI MEMORIJAL &#8220;JOSIP \u0160TOLCER SLAVENSKI&#8220; Majski muzi\u010dki memorijal \u201cJosip \u0160tolcer Slavenski\u201d u svom \u0107e se 53. izdanju odr\u017eati od 12. do 15. svibnja u Centru za kulturu \u010cakovec. Jedna od najstarijih i najdugovje\u010dnijih me\u0111imurskih glazbenih manifestacija ove \u0107e godine biti u znaku 130. obljetnice ro\u0111enja Josipa \u0160tolcera Slavenskog, ro\u0111enog 11. svibnja 1896. godine [&hellip;]<\/p>\n","protected":false},"author":4,"featured_media":50384,"comment_status":"closed","ping_status":"closed","sticky":false,"template":"","format":"standard","meta":{"inline_featured_image":false,"footnotes":""},"categories":[171],"tags":[],"class_list":["post-50382","post","type-post","status-publish","format-standard","has-post-thumbnail","hentry","category-novosti"],"ulaznica_data":null,"_links":{"self":[{"href":"https:\/\/czk-cakovec.hr\/saturn\/wp-json\/wp\/v2\/posts\/50382","targetHints":{"allow":["GET"]}}],"collection":[{"href":"https:\/\/czk-cakovec.hr\/saturn\/wp-json\/wp\/v2\/posts"}],"about":[{"href":"https:\/\/czk-cakovec.hr\/saturn\/wp-json\/wp\/v2\/types\/post"}],"author":[{"embeddable":true,"href":"https:\/\/czk-cakovec.hr\/saturn\/wp-json\/wp\/v2\/users\/4"}],"replies":[{"embeddable":true,"href":"https:\/\/czk-cakovec.hr\/saturn\/wp-json\/wp\/v2\/comments?post=50382"}],"version-history":[{"count":2,"href":"https:\/\/czk-cakovec.hr\/saturn\/wp-json\/wp\/v2\/posts\/50382\/revisions"}],"predecessor-version":[{"id":50388,"href":"https:\/\/czk-cakovec.hr\/saturn\/wp-json\/wp\/v2\/posts\/50382\/revisions\/50388"}],"wp:featuredmedia":[{"embeddable":true,"href":"https:\/\/czk-cakovec.hr\/saturn\/wp-json\/wp\/v2\/media\/50384"}],"wp:attachment":[{"href":"https:\/\/czk-cakovec.hr\/saturn\/wp-json\/wp\/v2\/media?parent=50382"}],"wp:term":[{"taxonomy":"category","embeddable":true,"href":"https:\/\/czk-cakovec.hr\/saturn\/wp-json\/wp\/v2\/categories?post=50382"},{"taxonomy":"post_tag","embeddable":true,"href":"https:\/\/czk-cakovec.hr\/saturn\/wp-json\/wp\/v2\/tags?post=50382"}],"curies":[{"name":"wp","href":"https:\/\/api.w.org\/{rel}","templated":true}]}}